{"id":2669,"date":"2024-05-29T08:16:47","date_gmt":"2024-05-29T08:16:47","guid":{"rendered":"https:\/\/idheapp.eu\/?p=2669"},"modified":"2024-06-04T08:44:54","modified_gmt":"2024-06-04T08:44:54","slug":"kick-off-meeting","status":"publish","type":"post","link":"https:\/\/idheapp.eu\/hr\/kick-off-meeting\/","title":{"rendered":"Uspje\u0161an sastanak"},"content":{"rendered":"<div data-elementor-type=\"wp-post\" data-elementor-id=\"2669\" class=\"elementor elementor-2669\" data-elementor-settings=\"{&quot;ha_cmc_init_switcher&quot;:&quot;no&quot;}\">\n\t\t\t\t\t\t<section class=\"elementor-section elementor-top-section elementor-element elementor-element-4e98c73 elementor-section-boxed elementor-section-height-default elementor-section-height-default wpr-sticky-section-no wpr-equal-height-no\" data-id=\"4e98c73\" data-element_type=\"section\" data-e-type=\"section\">\n\t\t\t\t\t\t<div class=\"elementor-container elementor-column-gap-default\">\n\t\t\t\t\t<div class=\"elementor-column elementor-col-100 elementor-top-column elementor-element elementor-element-a64b988\" data-id=\"a64b988\" data-element_type=\"column\" data-e-type=\"column\">\n\t\t\t<div class=\"elementor-widget-wrap\">\n\t\t\t\t\t\t\t<\/div>\n\t\t<\/div>\n\t\t\t\t\t<\/div>\n\t\t<\/section>\n\t\t\t\t<section class=\"elementor-section elementor-top-section elementor-element elementor-element-2cce4105 elementor-section-boxed elementor-section-height-default elementor-section-height-default wpr-sticky-section-no wpr-equal-height-no\" data-id=\"2cce4105\" data-element_type=\"section\" data-e-type=\"section\">\n\t\t\t\t\t\t<div class=\"elementor-container elementor-column-gap-no\">\n\t\t\t\t\t<div class=\"elementor-column elementor-col-100 elementor-top-column elementor-element elementor-element-93a10fc\" data-id=\"93a10fc\" data-element_type=\"column\" data-e-type=\"column\">\n\t\t\t<div class=\"elementor-widget-wrap elementor-element-populated\">\n\t\t\t\t\t\t<div class=\"elementor-element elementor-element-6ac91071 elementor-widget elementor-widget-heading\" data-id=\"6ac91071\" data-element_type=\"widget\" data-e-type=\"widget\" data-widget_type=\"heading.default\">\n\t\t\t\t<div class=\"elementor-widget-container\">\n\t\t\t\t\t<h2 class=\"elementor-heading-title elementor-size-default\">Po\u010detni sastanak<\/h2>\t\t\t\t<\/div>\n\t\t\t\t<\/div>\n\t\t\t\t<div class=\"elementor-element elementor-element-73c924ac elementor-widget elementor-widget-text-editor\" data-id=\"73c924ac\" data-element_type=\"widget\" data-e-type=\"widget\" data-widget_type=\"text-editor.default\">\n\t\t\t\t<div class=\"elementor-widget-container\">\n\t\t\t\t\t\t\t\t\t<p><\/p>\n<h3><span lang=\"EN-US\">1<sup>sv <\/sup><b>osobni sastanak partnerstva<\/b><\/span><\/h3>\n<p><\/p>\t\t\t\t\t\t\t\t<\/div>\n\t\t\t\t<\/div>\n\t\t\t\t<section class=\"elementor-section elementor-inner-section elementor-element elementor-element-22fc3b6 elementor-section-boxed elementor-section-height-default elementor-section-height-default wpr-sticky-section-no wpr-equal-height-no\" data-id=\"22fc3b6\" data-element_type=\"section\" data-e-type=\"section\">\n\t\t\t\t\t\t<div class=\"elementor-container elementor-column-gap-default\">\n\t\t\t\t\t<div class=\"elementor-column elementor-col-100 elementor-inner-column elementor-element elementor-element-05abfb3\" data-id=\"05abfb3\" data-element_type=\"column\" data-e-type=\"column\">\n\t\t\t<div class=\"elementor-widget-wrap elementor-element-populated\">\n\t\t\t\t\t\t<div class=\"elementor-element elementor-element-338bfb5 elementor-widget__width-initial elementor-widget elementor-widget-image\" data-id=\"338bfb5\" data-element_type=\"widget\" data-e-type=\"widget\" data-widget_type=\"image.default\">\n\t\t\t\t<div class=\"elementor-widget-container\">\n\t\t\t\t\t\t\t\t\t\t\t\t\t\t\t<img decoding=\"async\" src=\"https:\/\/idheapp.eu\/wp-content\/uploads\/elementor\/thumbs\/Easy_to_read_Logo-qovcdn888o7cghzms50ubsgup2z0n2k11gje57hv1w.jpg\" title=\"Lako_\u010ditljiv_logotip\" alt=\"Easy_to_read_Logo\" loading=\"lazy\" \/>\t\t\t\t\t\t\t\t\t\t\t\t\t\t\t<\/div>\n\t\t\t\t<\/div>\n\t\t\t\t<div class=\"elementor-element elementor-element-5ee4ef7 elementor-widget elementor-widget-heading\" data-id=\"5ee4ef7\" data-element_type=\"widget\" data-e-type=\"widget\" data-widget_type=\"heading.default\">\n\t\t\t\t<div class=\"elementor-widget-container\">\n\t\t\t\t\t<p class=\"elementor-heading-title elementor-size-default\">VERZIJA ISPOD LAKA ZA \u010cITANJE<br><br>\u201c\u00a9 Europski lako \u010ditljivi logotip: Inkluzija Europa. Vi\u0161e informacija na https:\/\/www.inclusioneurope.eu\/easy-to-read\/\u201d.<\/p>\t\t\t\t<\/div>\n\t\t\t\t<\/div>\n\t\t\t\t\t<\/div>\n\t\t<\/div>\n\t\t\t\t\t<\/div>\n\t\t<\/section>\n\t\t\t\t<section class=\"elementor-section elementor-inner-section elementor-element elementor-element-463954f9 elementor-section-full_width elementor-section-height-default elementor-section-height-default wpr-sticky-section-no wpr-equal-height-no\" data-id=\"463954f9\" data-element_type=\"section\" data-e-type=\"section\">\n\t\t\t\t\t\t<div class=\"elementor-container elementor-column-gap-default\">\n\t\t\t\t\t<div class=\"elementor-column elementor-col-50 elementor-inner-column elementor-element elementor-element-5166092d\" data-id=\"5166092d\" data-element_type=\"column\" data-e-type=\"column\">\n\t\t\t<div class=\"elementor-widget-wrap elementor-element-populated\">\n\t\t\t\t\t\t<div class=\"elementor-element elementor-element-5c492ba elementor-widget elementor-widget-image\" data-id=\"5c492ba\" data-element_type=\"widget\" data-e-type=\"widget\" data-widget_type=\"image.default\">\n\t\t\t\t<div class=\"elementor-widget-container\">\n\t\t\t\t\t\t\t\t\t\t\t\t\t\t\t<img fetchpriority=\"high\" decoding=\"async\" width=\"601\" height=\"795\" src=\"https:\/\/idheapp.eu\/wp-content\/uploads\/2024\/05\/IDHEAPP_KOM_MUNICH.png\" class=\"attachment-large size-large wp-image-2671\" alt=\"\" srcset=\"https:\/\/idheapp.eu\/wp-content\/uploads\/2024\/05\/IDHEAPP_KOM_MUNICH.png 601w, https:\/\/idheapp.eu\/wp-content\/uploads\/2024\/05\/IDHEAPP_KOM_MUNICH-227x300.png 227w, https:\/\/idheapp.eu\/wp-content\/uploads\/2024\/05\/IDHEAPP_KOM_MUNICH-9x12.png 9w\" sizes=\"(max-width: 601px) 100vw, 601px\" \/>\t\t\t\t\t\t\t\t\t\t\t\t\t\t\t<\/div>\n\t\t\t\t<\/div>\n\t\t\t\t\t<\/div>\n\t\t<\/div>\n\t\t\t\t<div class=\"elementor-column elementor-col-50 elementor-inner-column elementor-element elementor-element-55c8b4b5\" data-id=\"55c8b4b5\" data-element_type=\"column\" data-e-type=\"column\">\n\t\t\t<div class=\"elementor-widget-wrap elementor-element-populated\">\n\t\t\t\t\t\t<div class=\"elementor-element elementor-element-54ccbc53 elementor-widget elementor-widget-text-editor\" data-id=\"54ccbc53\" data-element_type=\"widget\" data-e-type=\"widget\" data-widget_type=\"text-editor.default\">\n\t\t\t\t<div class=\"elementor-widget-container\">\n\t\t\t\t\t\t\t\t\t<p><\/p>\n<p><span lang=\"EN-US\">Pro\u0161le velja\u010de projektni partneri sastali su se u gradu M\u00fcnchenu, to\u010dnije u sjedi\u0161tu Tehnolo\u0161kog sveu\u010dili\u0161ta u M\u00fcnchenu, gdje smo imali priliku ostvariti prvi kontakt s onima koji \u0107e biti na\u0161i suputnici u ovom uzbudljivom projektu.<\/span><\/p>\n<p><span lang=\"EN-US\">Tijekom sastanka razgovarali smo o prvim koracima prema ostvarenju ciljeva projekta. U ovoj prvoj fazi prikupit \u0107emo dokaze o me\u0111unarodnim preporukama o sjedila\u010dkom na\u010dinu \u017eivota i tjelesnoj aktivnosti kod osoba s IDD-om. To \u0107e se koristiti za izradu aplikacije za mobilna okru\u017eenja koja \u0107e pozitivno utjecati na prehrambene navike i praksu adolescenata s IDD-om. Korisnici, obitelji, akademici i tehni\u010dari radit \u0107e zajedno na provedbi ovih izazova.<\/span><\/p>\n<p><span lang=\"EN-US\">Istovremeno \u0107emo testirati aplikaciju s korisnicima da vidimo kako radi i \u0161to misle o njoj.<\/span><\/p>\n<p><span lang=\"EN-US\">Na\u0161 sljede\u0107i sastanak licem u lice odr\u017eat \u0107e se sljede\u0107eg lipnja u Rimu, gdje \u0107emo obavijestiti o postignutom napretku.<\/span><\/p>\n<p><\/p>\t\t\t\t\t\t\t\t<\/div>\n\t\t\t\t<\/div>\n\t\t\t\t\t<\/div>\n\t\t<\/div>\n\t\t\t\t\t<\/div>\n\t\t<\/section>\n\t\t\t\t<section class=\"elementor-section elementor-inner-section elementor-element elementor-element-149c2e7 elementor-section-boxed elementor-section-height-default elementor-section-height-default wpr-sticky-section-no wpr-equal-height-no\" data-id=\"149c2e7\" data-element_type=\"section\" data-e-type=\"section\">\n\t\t\t\t\t\t<div class=\"elementor-container elementor-column-gap-default\">\n\t\t\t\t\t<div class=\"elementor-column elementor-col-100 elementor-inner-column elementor-element elementor-element-824d2a5\" data-id=\"824d2a5\" data-element_type=\"column\" data-e-type=\"column\">\n\t\t\t<div class=\"elementor-widget-wrap elementor-element-populated\">\n\t\t\t\t\t\t<div class=\"elementor-element elementor-element-1a1ad60 elementor-widget elementor-widget-text-editor\" data-id=\"1a1ad60\" data-element_type=\"widget\" data-e-type=\"widget\" data-widget_type=\"text-editor.default\">\n\t\t\t\t<div class=\"elementor-widget-container\">\n\t\t\t\t\t\t\t\t\t<p><\/p>\n<p><span style=\"background-color: var(--ast-global-color-5); font-size: 19.2px; font-style: inherit; font-weight: inherit;\">VERZIJA LAKA ZA \u010cITANJE<\/span><\/p>\n<p>Pro\u0161le velja\u010de projektni partneri sastali su se u gradu M\u00fcnchenu.&nbsp;<\/p><p>Sastanak je odr\u017ean na Tehnolo\u0161kom sveu\u010dili\u0161tu u M\u00fcnchenu.<\/p>\n<p><span style=\"font-size: 19.2px; font-style: inherit; font-weight: inherit; background-color: var(--ast-global-color-5);\">Imali smo priliku upoznati ljude koji \u0107e s nama raditi na ovom uzbudljivom projektu.<\/span><\/p>\n<p><\/p>\n<p>Tijekom sastanka razgovarali smo o prvim koracima za postizanje ciljeva projekta.<\/p>\n<p><\/p>\n<p>U prvoj fazi prikupit \u0107emo informacije o me\u0111unarodnim savjetima o prekomjernom sjedenju i tjelesnoj aktivnosti za osobe s intelektualnim i razvojnim te\u0161ko\u0107ama (IDD).<\/p>\n<p><\/p>\n<p>Koristit \u0107emo te informacije za izradu aplikacije za mobilni telefon.&nbsp;<\/p><p>Ova aplikacija pomo\u0107i \u0107e pobolj\u0161ati prehrambene navike i aktivnosti tinejd\u017eera s IDD-om.<\/p>\n<p><\/p>\n<p>Korisnici, obitelji, akademici i tehni\u010dari radit \u0107e zajedno kako bi se suo\u010dili s ovim izazovima.<\/p>\n<p><\/p>\n<p>Tako\u0111er \u0107emo testirati aplikaciju s korisnicima da vidimo kako radi i \u0161to misle o njoj.<\/p>\n<p><\/p>\n<p>Na\u0161 sljede\u0107i susret licem u lice bit \u0107e u Rimu u lipnju.&nbsp;<\/p><p>Razgovarat \u0107emo o napretku koji smo postigli.<\/p>\n<p><\/p>\t\t\t\t\t\t\t\t<\/div>\n\t\t\t\t<\/div>\n\t\t\t\t\t<\/div>\n\t\t<\/div>\n\t\t\t\t\t<\/div>\n\t\t<\/section>\n\t\t\t\t\t<\/div>\n\t\t<\/div>\n\t\t\t\t\t<\/div>\n\t\t<\/section>\n\t\t\t\t<\/div>","protected":false},"excerpt":{"rendered":"<p>Po\u010detni sastanak\u200b 1. osobni sastanak partnerstva VERZIJA ISPOD LAKA ZA \u010cITANJE \u201c\u00a9 European Easyto-Read Logo: Inclusion Europe. Vi\u0161e informacija na https:\/\/www.inclusioneurope.eu\/easy-to-read\/\u201d. Pro\u0161le velja\u010de projektni partneri sastali su se u gradu M\u00fcnchenu, to\u010dnije u sjedi\u0161tu Tehnolo\u0161kog sveu\u010dili\u0161ta u M\u00fcnchenu, gdje smo imali priliku ostvariti prvi kontakt s onima koji \u0107e biti na\u0161i suputnici u ovom uzbudljivom projektu. Tijekom sastanka razgovarali smo o prvim koracima prema ostvarenju ciljeva projekta. U ovoj prvoj fazi prikupit \u0107emo dokaze o me\u0111unarodnim preporukama o sjedila\u010dkom na\u010dinu \u017eivota i tjelesnoj aktivnosti kod osoba s IDD-om. To \u0107e se koristiti za izradu aplikacije za mobilna okru\u017eenja koja \u0107e pozitivno utjecati na prehrambene navike i praksu adolescenata s IDD-om. Korisnici, obitelji, akademici i tehni\u010dari radit \u0107e zajedno na provedbi ovih izazova. Istovremeno \u0107emo testirati aplikaciju s korisnicima da vidimo kako radi i \u0161to misle o njoj. Na\u0161 sljede\u0107i sastanak licem u lice odr\u017eat \u0107e se sljede\u0107eg lipnja u Rimu, gdje \u0107emo obavijestiti o postignutom napretku. VERZIJA LAGANA ZA \u010cITANJE Pro\u0161le velja\u010de projektni partneri sastali su se u gradu M\u00fcnchenu. Sastanak je odr\u017ean na Tehnolo\u0161kom sveu\u010dili\u0161tu u M\u00fcnchenu. Imali smo priliku upoznati ljude koji \u0107e s nama raditi na ovom uzbudljivom projektu. Tijekom sastanka razgovarali smo o prvim koracima za postizanje ciljeva projekta. U prvoj fazi prikupit \u0107emo informacije o me\u0111unarodnim savjetima o prekomjernom sjedenju i tjelesnoj aktivnosti za osobe s intelektualnim i razvojnim te\u0161ko\u0107ama (IDD). Koristit \u0107emo te podatke za izradu aplikacije za mobilni telefon. Ova aplikacija pomo\u0107i \u0107e pobolj\u0161ati prehrambene navike i aktivnosti tinejd\u017eera s IDD-om. Korisnici, obitelji, akademici i tehni\u010dari radit \u0107e zajedno kako bi se suo\u010dili s ovim izazovima. Tako\u0111er \u0107emo testirati aplikaciju s korisnicima da vidimo kako radi i \u0161to misle o njoj. Na\u0161 sljede\u0107i susret licem u lice bit \u0107e u Rimu u lipnju. Razgovarat \u0107emo o napretku koji smo postigli.<\/p>","protected":false},"author":9,"featured_media":2671,"comment_status":"open","ping_status":"open","sticky":false,"template":"elementor_theme","format":"standard","meta":{"site-sidebar-layout":"default","site-content-layout":"","ast-site-content-layout":"default","site-content-style":"default","site-sidebar-style":"default","ast-global-header-display":"","ast-banner-title-visibility":"","ast-main-header-display":"","ast-hfb-above-header-display":"","ast-hfb-below-header-display":"","ast-hfb-mobile-header-display":"","site-post-title":"","ast-breadcrumbs-content":"","ast-featured-img":"disabled","footer-sml-layout":"","ast-disable-related-posts":"","theme-transparent-header-meta":"","adv-header-id-meta":"","stick-header-meta":"","header-above-stick-meta":"","header-main-stick-meta":"","header-below-stick-meta":"","astra-migrate-meta-layouts":"set","ast-page-background-enabled":"default","ast-page-background-meta":{"desktop":{"background-color":"","background-image":"","background-repeat":"repeat","background-position":"center center","background-size":"auto","background-attachment":"scroll","background-type":"","background-media":"","overlay-type":"","overlay-color":"","overlay-opacity":"","overlay-gradient":""},"tablet":{"background-color":"","background-image":"","background-repeat":"repeat","background-position":"center center","background-size":"auto","background-attachment":"scroll","background-type":"","background-media":"","overlay-type":"","overlay-color":"","overlay-opacity":"","overlay-gradient":""},"mobile":{"background-color":"","background-image":"","background-repeat":"repeat","background-position":"center center","background-size":"auto","background-attachment":"scroll","background-type":"","background-media":"","overlay-type":"","overlay-color":"","overlay-opacity":"","overlay-gradient":""}},"ast-content-background-meta":{"desktop":{"background-color":"var(--ast-global-color-5)","background-image":"","background-repeat":"repeat","background-position":"center center","background-size":"auto","background-attachment":"scroll","background-type":"","background-media":"","overlay-type":"","overlay-color":"","overlay-opacity":"","overlay-gradient":""},"tablet":{"background-color":"var(--ast-global-color-5)","background-image":"","background-repeat":"repeat","background-position":"center center","background-size":"auto","background-attachment":"scroll","background-type":"","background-media":"","overlay-type":"","overlay-color":"","overlay-opacity":"","overlay-gradient":""},"mobile":{"background-color":"var(--ast-global-color-5)","background-image":"","background-repeat":"repeat","background-position":"center center","background-size":"auto","background-attachment":"scroll","background-type":"","background-media":"","overlay-type":"","overlay-color":"","overlay-opacity":"","overlay-gradient":""}},"footnotes":""},"categories":[40],"tags":[],"class_list":["post-2669","post","type-post","status-publish","format-standard","has-post-thumbnail","hentry","category-news"],"yoast_head":"<!-- This site is optimized with the Yoast SEO plugin v27.5 - https:\/\/yoast.com\/product\/yoast-seo-wordpress\/ -->\n<title>Kick off Meeting - IDHEApp<\/title>\n<meta name=\"robots\" content=\"index, follow, max-snippet:-1, max-image-preview:large, max-video-preview:-1\" \/>\n<link rel=\"canonical\" href=\"https:\/\/idheapp.eu\/hr\/kick-off-meeting\/\" \/>\n<meta property=\"og:locale\" content=\"hr_HR\" \/>\n<meta property=\"og:type\" content=\"article\" \/>\n<meta property=\"og:title\" content=\"Kick off Meeting - IDHEApp\" \/>\n<meta property=\"og:description\" content=\"Kick-off meeting\u200b 1st in person meeting of the partnership EASY TO READ VERSION BELOW \u201c\u00a9 European Easyto-Read Logo: Inclusion Europe. More information at https:\/\/www.inclusioneurope.eu\/easy-to-read\/\u201d. Last February, the project partners met in the city of Munich, specifically at the headquarters of the Munich University of Technology, where we had the opportunity to make a first contact with those who will be our travelling companions in this exciting project. During the meeting, we discussed the first steps towards achieving the objectives of the project. In this first phase, we will collect evidence on international recommendations on sedentary lifestyles and physical activity in people with IDD. This will be used to create an app for mobile environments that will positively influence the eating habits and practices of adolescents with IDD. Users, families, academics and technicians will work together to implement these challenges. At the same time, we will test the app with users to see how it works and what they think of it. Our next face-to-face meeting will take place next June in Rome, where we will update on the progress made. EASY-TO-READ VERSION Last February, the project partners met in the city of Munich.&nbsp; The meeting was at the Munich University of Technology. We had the chance to meet the people who will work with us on this exciting project. During the meeting, we talked about the first steps to reach the goals of the project. In the first phase, we will collect information on international advice about sitting too much and physical activity for people with Intellectual and Developmental Disabilities (IDD). We will use this information to create a mobile phone app.&nbsp; This app will help improve the eating habits and activities of teenagers with IDD. Users, families, academics, and technicians will work together to face these challenges. We will also test the app with users to see how it works and what they think about it. Our next face-to-face meeting will be in Rome in June.&nbsp; We will talk about the progress we have made.\" \/>\n<meta property=\"og:url\" content=\"https:\/\/idheapp.eu\/hr\/kick-off-meeting\/\" \/>\n<meta property=\"og:site_name\" content=\"IDHEApp\" \/>\n<meta property=\"article:publisher\" content=\"https:\/\/www.facebook.com\/RestARTcreativity\/\" \/>\n<meta property=\"article:published_time\" content=\"2024-05-29T08:16:47+00:00\" \/>\n<meta property=\"article:modified_time\" content=\"2024-06-04T08:44:54+00:00\" \/>\n<meta property=\"og:image\" content=\"https:\/\/idheapp.eu\/wp-content\/uploads\/2024\/05\/IDHEAPP_KOM_MUNICH.png\" \/>\n\t<meta property=\"og:image:width\" content=\"601\" \/>\n\t<meta property=\"og:image:height\" content=\"795\" \/>\n\t<meta property=\"og:image:type\" content=\"image\/png\" \/>\n<meta name=\"author\" content=\"Ellen Ripley\" \/>\n<meta name=\"twitter:card\" content=\"summary_large_image\" \/>\n<meta name=\"twitter:creator\" content=\"@restartproject4\" \/>\n<meta name=\"twitter:site\" content=\"@restartproject4\" \/>\n<meta name=\"twitter:label1\" content=\"Napisao\/la\" \/>\n\t<meta name=\"twitter:data1\" content=\"Ellen Ripley\" \/>\n\t<meta name=\"twitter:label2\" content=\"Procijenjeno vrijeme \u010ditanja\" \/>\n\t<meta name=\"twitter:data2\" content=\"2 minute\" \/>\n<script type=\"application\/ld+json\" class=\"yoast-schema-graph\">{\"@context\":\"https:\\\/\\\/schema.org\",\"@graph\":[{\"@type\":\"Article\",\"@id\":\"https:\\\/\\\/idheapp.eu\\\/it\\\/kick-off-meeting\\\/#article\",\"isPartOf\":{\"@id\":\"https:\\\/\\\/idheapp.eu\\\/it\\\/kick-off-meeting\\\/\"},\"author\":{\"name\":\"Ellen Ripley\",\"@id\":\"https:\\\/\\\/idheapp.eu\\\/#\\\/schema\\\/person\\\/d5f8362067d873966b8e641e4e04643d\"},\"headline\":\"Kick off Meeting\",\"datePublished\":\"2024-05-29T08:16:47+00:00\",\"dateModified\":\"2024-06-04T08:44:54+00:00\",\"mainEntityOfPage\":{\"@id\":\"https:\\\/\\\/idheapp.eu\\\/it\\\/kick-off-meeting\\\/\"},\"wordCount\":345,\"commentCount\":0,\"publisher\":{\"@id\":\"https:\\\/\\\/idheapp.eu\\\/#organization\"},\"image\":{\"@id\":\"https:\\\/\\\/idheapp.eu\\\/it\\\/kick-off-meeting\\\/#primaryimage\"},\"thumbnailUrl\":\"https:\\\/\\\/idheapp.eu\\\/wp-content\\\/uploads\\\/2024\\\/05\\\/IDHEAPP_KOM_MUNICH.png\",\"articleSection\":[\"News\"],\"inLanguage\":\"hr\",\"potentialAction\":[{\"@type\":\"CommentAction\",\"name\":\"Comment\",\"target\":[\"https:\\\/\\\/idheapp.eu\\\/it\\\/kick-off-meeting\\\/#respond\"]}]},{\"@type\":\"WebPage\",\"@id\":\"https:\\\/\\\/idheapp.eu\\\/it\\\/kick-off-meeting\\\/\",\"url\":\"https:\\\/\\\/idheapp.eu\\\/it\\\/kick-off-meeting\\\/\",\"name\":\"Kick off Meeting - IDHEApp\",\"isPartOf\":{\"@id\":\"https:\\\/\\\/idheapp.eu\\\/#website\"},\"primaryImageOfPage\":{\"@id\":\"https:\\\/\\\/idheapp.eu\\\/it\\\/kick-off-meeting\\\/#primaryimage\"},\"image\":{\"@id\":\"https:\\\/\\\/idheapp.eu\\\/it\\\/kick-off-meeting\\\/#primaryimage\"},\"thumbnailUrl\":\"https:\\\/\\\/idheapp.eu\\\/wp-content\\\/uploads\\\/2024\\\/05\\\/IDHEAPP_KOM_MUNICH.png\",\"datePublished\":\"2024-05-29T08:16:47+00:00\",\"dateModified\":\"2024-06-04T08:44:54+00:00\",\"breadcrumb\":{\"@id\":\"https:\\\/\\\/idheapp.eu\\\/it\\\/kick-off-meeting\\\/#breadcrumb\"},\"inLanguage\":\"hr\",\"potentialAction\":[{\"@type\":\"ReadAction\",\"target\":[\"https:\\\/\\\/idheapp.eu\\\/it\\\/kick-off-meeting\\\/\"]}]},{\"@type\":\"ImageObject\",\"inLanguage\":\"hr\",\"@id\":\"https:\\\/\\\/idheapp.eu\\\/it\\\/kick-off-meeting\\\/#primaryimage\",\"url\":\"https:\\\/\\\/idheapp.eu\\\/wp-content\\\/uploads\\\/2024\\\/05\\\/IDHEAPP_KOM_MUNICH.png\",\"contentUrl\":\"https:\\\/\\\/idheapp.eu\\\/wp-content\\\/uploads\\\/2024\\\/05\\\/IDHEAPP_KOM_MUNICH.png\",\"width\":601,\"height\":795},{\"@type\":\"BreadcrumbList\",\"@id\":\"https:\\\/\\\/idheapp.eu\\\/it\\\/kick-off-meeting\\\/#breadcrumb\",\"itemListElement\":[{\"@type\":\"ListItem\",\"position\":1,\"name\":\"Portada\",\"item\":\"https:\\\/\\\/idheapp.eu\\\/\"},{\"@type\":\"ListItem\",\"position\":2,\"name\":\"Kick off Meeting\"}]},{\"@type\":\"WebSite\",\"@id\":\"https:\\\/\\\/idheapp.eu\\\/#website\",\"url\":\"https:\\\/\\\/idheapp.eu\\\/\",\"name\":\"IDHEApp\",\"description\":\"Technology to promote healthy lifestyles in adolescents with intellectual disabilities\",\"publisher\":{\"@id\":\"https:\\\/\\\/idheapp.eu\\\/#organization\"},\"potentialAction\":[{\"@type\":\"SearchAction\",\"target\":{\"@type\":\"EntryPoint\",\"urlTemplate\":\"https:\\\/\\\/idheapp.eu\\\/?s={search_term_string}\"},\"query-input\":{\"@type\":\"PropertyValueSpecification\",\"valueRequired\":true,\"valueName\":\"search_term_string\"}}],\"inLanguage\":\"hr\"},{\"@type\":\"Organization\",\"@id\":\"https:\\\/\\\/idheapp.eu\\\/#organization\",\"name\":\"IDHEApp\",\"url\":\"https:\\\/\\\/idheapp.eu\\\/\",\"logo\":{\"@type\":\"ImageObject\",\"inLanguage\":\"hr\",\"@id\":\"https:\\\/\\\/idheapp.eu\\\/#\\\/schema\\\/logo\\\/image\\\/\",\"url\":\"https:\\\/\\\/idheapp.eu\\\/wp-content\\\/uploads\\\/2022\\\/05\\\/LogoHomeRestart1920x960.png\",\"contentUrl\":\"https:\\\/\\\/idheapp.eu\\\/wp-content\\\/uploads\\\/2022\\\/05\\\/LogoHomeRestart1920x960.png\",\"width\":1920,\"height\":960,\"caption\":\"IDHEApp\"},\"image\":{\"@id\":\"https:\\\/\\\/idheapp.eu\\\/#\\\/schema\\\/logo\\\/image\\\/\"},\"sameAs\":[\"https:\\\/\\\/www.facebook.com\\\/RestARTcreativity\\\/\",\"https:\\\/\\\/x.com\\\/restartproject4\",\"https:\\\/\\\/www.instagram.com\\\/rest.artproject\\\/\",\"https:\\\/\\\/www.youtube.com\\\/channel\\\/UCn2A6wwqZxKR5Ss_sj4aBrQ\"]},{\"@type\":\"Person\",\"@id\":\"https:\\\/\\\/idheapp.eu\\\/#\\\/schema\\\/person\\\/d5f8362067d873966b8e641e4e04643d\",\"name\":\"Ellen Ripley\",\"image\":{\"@type\":\"ImageObject\",\"inLanguage\":\"hr\",\"@id\":\"https:\\\/\\\/secure.gravatar.com\\\/avatar\\\/b81ee66d331fcad414f051ba9c311457006816aee9db788dbaf0084f0656cb6e?s=96&d=mm&r=g\",\"url\":\"https:\\\/\\\/secure.gravatar.com\\\/avatar\\\/b81ee66d331fcad414f051ba9c311457006816aee9db788dbaf0084f0656cb6e?s=96&d=mm&r=g\",\"contentUrl\":\"https:\\\/\\\/secure.gravatar.com\\\/avatar\\\/b81ee66d331fcad414f051ba9c311457006816aee9db788dbaf0084f0656cb6e?s=96&d=mm&r=g\",\"caption\":\"Ellen Ripley\"},\"url\":\"https:\\\/\\\/idheapp.eu\\\/hr\\\/author\\\/mariana\\\/\"}]}<\/script>\n<!-- \/ Yoast SEO plugin. -->","yoast_head_json":{"title":"Uvodni sastanak - IDHEApp","robots":{"index":"index","follow":"follow","max-snippet":"max-snippet:-1","max-image-preview":"max-image-preview:large","max-video-preview":"max-video-preview:-1"},"canonical":"https:\/\/idheapp.eu\/hr\/kick-off-meeting\/","og_locale":"hr_HR","og_type":"article","og_title":"Kick off Meeting - IDHEApp","og_description":"Kick-off meeting\u200b 1st in person meeting of the partnership EASY TO READ VERSION BELOW \u201c\u00a9 European Easyto-Read Logo: Inclusion Europe. More information at https:\/\/www.inclusioneurope.eu\/easy-to-read\/\u201d. Last February, the project partners met in the city of Munich, specifically at the headquarters of the Munich University of Technology, where we had the opportunity to make a first contact with those who will be our travelling companions in this exciting project. During the meeting, we discussed the first steps towards achieving the objectives of the project. In this first phase, we will collect evidence on international recommendations on sedentary lifestyles and physical activity in people with IDD. This will be used to create an app for mobile environments that will positively influence the eating habits and practices of adolescents with IDD. Users, families, academics and technicians will work together to implement these challenges. At the same time, we will test the app with users to see how it works and what they think of it. Our next face-to-face meeting will take place next June in Rome, where we will update on the progress made. EASY-TO-READ VERSION Last February, the project partners met in the city of Munich.&nbsp; The meeting was at the Munich University of Technology. We had the chance to meet the people who will work with us on this exciting project. During the meeting, we talked about the first steps to reach the goals of the project. In the first phase, we will collect information on international advice about sitting too much and physical activity for people with Intellectual and Developmental Disabilities (IDD). We will use this information to create a mobile phone app.&nbsp; This app will help improve the eating habits and activities of teenagers with IDD. Users, families, academics, and technicians will work together to face these challenges. We will also test the app with users to see how it works and what they think about it. Our next face-to-face meeting will be in Rome in June.&nbsp; We will talk about the progress we have made.","og_url":"https:\/\/idheapp.eu\/hr\/kick-off-meeting\/","og_site_name":"IDHEApp","article_publisher":"https:\/\/www.facebook.com\/RestARTcreativity\/","article_published_time":"2024-05-29T08:16:47+00:00","article_modified_time":"2024-06-04T08:44:54+00:00","og_image":[{"width":601,"height":795,"url":"https:\/\/idheapp.eu\/wp-content\/uploads\/2024\/05\/IDHEAPP_KOM_MUNICH.png","type":"image\/png"}],"author":"Ellen Ripley","twitter_card":"summary_large_image","twitter_creator":"@restartproject4","twitter_site":"@restartproject4","twitter_misc":{"Napisao\/la":"Ellen Ripley","Procijenjeno vrijeme \u010ditanja":"2 minute"},"schema":{"@context":"https:\/\/schema.org","@graph":[{"@type":"Article","@id":"https:\/\/idheapp.eu\/it\/kick-off-meeting\/#article","isPartOf":{"@id":"https:\/\/idheapp.eu\/it\/kick-off-meeting\/"},"author":{"name":"Ellen Ripley","@id":"https:\/\/idheapp.eu\/#\/schema\/person\/d5f8362067d873966b8e641e4e04643d"},"headline":"Kick off Meeting","datePublished":"2024-05-29T08:16:47+00:00","dateModified":"2024-06-04T08:44:54+00:00","mainEntityOfPage":{"@id":"https:\/\/idheapp.eu\/it\/kick-off-meeting\/"},"wordCount":345,"commentCount":0,"publisher":{"@id":"https:\/\/idheapp.eu\/#organization"},"image":{"@id":"https:\/\/idheapp.eu\/it\/kick-off-meeting\/#primaryimage"},"thumbnailUrl":"https:\/\/idheapp.eu\/wp-content\/uploads\/2024\/05\/IDHEAPP_KOM_MUNICH.png","articleSection":["News"],"inLanguage":"hr","potentialAction":[{"@type":"CommentAction","name":"Comment","target":["https:\/\/idheapp.eu\/it\/kick-off-meeting\/#respond"]}]},{"@type":"WebPage","@id":"https:\/\/idheapp.eu\/it\/kick-off-meeting\/","url":"https:\/\/idheapp.eu\/it\/kick-off-meeting\/","name":"Uvodni sastanak - IDHEApp","isPartOf":{"@id":"https:\/\/idheapp.eu\/#website"},"primaryImageOfPage":{"@id":"https:\/\/idheapp.eu\/it\/kick-off-meeting\/#primaryimage"},"image":{"@id":"https:\/\/idheapp.eu\/it\/kick-off-meeting\/#primaryimage"},"thumbnailUrl":"https:\/\/idheapp.eu\/wp-content\/uploads\/2024\/05\/IDHEAPP_KOM_MUNICH.png","datePublished":"2024-05-29T08:16:47+00:00","dateModified":"2024-06-04T08:44:54+00:00","breadcrumb":{"@id":"https:\/\/idheapp.eu\/it\/kick-off-meeting\/#breadcrumb"},"inLanguage":"hr","potentialAction":[{"@type":"ReadAction","target":["https:\/\/idheapp.eu\/it\/kick-off-meeting\/"]}]},{"@type":"ImageObject","inLanguage":"hr","@id":"https:\/\/idheapp.eu\/it\/kick-off-meeting\/#primaryimage","url":"https:\/\/idheapp.eu\/wp-content\/uploads\/2024\/05\/IDHEAPP_KOM_MUNICH.png","contentUrl":"https:\/\/idheapp.eu\/wp-content\/uploads\/2024\/05\/IDHEAPP_KOM_MUNICH.png","width":601,"height":795},{"@type":"BreadcrumbList","@id":"https:\/\/idheapp.eu\/it\/kick-off-meeting\/#breadcrumb","itemListElement":[{"@type":"ListItem","position":1,"name":"Portada","item":"https:\/\/idheapp.eu\/"},{"@type":"ListItem","position":2,"name":"Kick off Meeting"}]},{"@type":"WebSite","@id":"https:\/\/idheapp.eu\/#website","url":"https:\/\/idheapp.eu\/","name":"IDHEApp","description":"Tehnologija za promicanje zdravih stilova \u017eivota kod adolescenata s intelektualnim te\u0161ko\u0107ama","publisher":{"@id":"https:\/\/idheapp.eu\/#organization"},"potentialAction":[{"@type":"SearchAction","target":{"@type":"EntryPoint","urlTemplate":"https:\/\/idheapp.eu\/?s={search_term_string}"},"query-input":{"@type":"PropertyValueSpecification","valueRequired":true,"valueName":"search_term_string"}}],"inLanguage":"hr"},{"@type":"Organization","@id":"https:\/\/idheapp.eu\/#organization","name":"IDHEApp","url":"https:\/\/idheapp.eu\/","logo":{"@type":"ImageObject","inLanguage":"hr","@id":"https:\/\/idheapp.eu\/#\/schema\/logo\/image\/","url":"https:\/\/idheapp.eu\/wp-content\/uploads\/2022\/05\/LogoHomeRestart1920x960.png","contentUrl":"https:\/\/idheapp.eu\/wp-content\/uploads\/2022\/05\/LogoHomeRestart1920x960.png","width":1920,"height":960,"caption":"IDHEApp"},"image":{"@id":"https:\/\/idheapp.eu\/#\/schema\/logo\/image\/"},"sameAs":["https:\/\/www.facebook.com\/RestARTcreativity\/","https:\/\/x.com\/restartproject4","https:\/\/www.instagram.com\/rest.artproject\/","https:\/\/www.youtube.com\/channel\/UCn2A6wwqZxKR5Ss_sj4aBrQ"]},{"@type":"Person","@id":"https:\/\/idheapp.eu\/#\/schema\/person\/d5f8362067d873966b8e641e4e04643d","name":"Ellen Ripley","image":{"@type":"ImageObject","inLanguage":"hr","@id":"https:\/\/secure.gravatar.com\/avatar\/b81ee66d331fcad414f051ba9c311457006816aee9db788dbaf0084f0656cb6e?s=96&d=mm&r=g","url":"https:\/\/secure.gravatar.com\/avatar\/b81ee66d331fcad414f051ba9c311457006816aee9db788dbaf0084f0656cb6e?s=96&d=mm&r=g","contentUrl":"https:\/\/secure.gravatar.com\/avatar\/b81ee66d331fcad414f051ba9c311457006816aee9db788dbaf0084f0656cb6e?s=96&d=mm&r=g","caption":"Ellen Ripley"},"url":"https:\/\/idheapp.eu\/hr\/author\/mariana\/"}]}},"_links":{"self":[{"href":"https:\/\/idheapp.eu\/hr\/wp-json\/wp\/v2\/posts\/2669","targetHints":{"allow":["GET"]}}],"collection":[{"href":"https:\/\/idheapp.eu\/hr\/wp-json\/wp\/v2\/posts"}],"about":[{"href":"https:\/\/idheapp.eu\/hr\/wp-json\/wp\/v2\/types\/post"}],"author":[{"embeddable":true,"href":"https:\/\/idheapp.eu\/hr\/wp-json\/wp\/v2\/users\/9"}],"replies":[{"embeddable":true,"href":"https:\/\/idheapp.eu\/hr\/wp-json\/wp\/v2\/comments?post=2669"}],"version-history":[{"count":21,"href":"https:\/\/idheapp.eu\/hr\/wp-json\/wp\/v2\/posts\/2669\/revisions"}],"predecessor-version":[{"id":2711,"href":"https:\/\/idheapp.eu\/hr\/wp-json\/wp\/v2\/posts\/2669\/revisions\/2711"}],"wp:featuredmedia":[{"embeddable":true,"href":"https:\/\/idheapp.eu\/hr\/wp-json\/wp\/v2\/media\/2671"}],"wp:attachment":[{"href":"https:\/\/idheapp.eu\/hr\/wp-json\/wp\/v2\/media?parent=2669"}],"wp:term":[{"taxonomy":"category","embeddable":true,"href":"https:\/\/idheapp.eu\/hr\/wp-json\/wp\/v2\/categories?post=2669"},{"taxonomy":"post_tag","embeddable":true,"href":"https:\/\/idheapp.eu\/hr\/wp-json\/wp\/v2\/tags?post=2669"}],"curies":[{"name":"radni list","href":"https:\/\/api.w.org\/{rel}","templated":true}]}}