{"id":2854,"date":"2025-02-03T10:45:25","date_gmt":"2025-02-03T10:45:25","guid":{"rendered":"https:\/\/idheapp.eu\/?p=2854"},"modified":"2025-02-03T11:42:59","modified_gmt":"2025-02-03T11:42:59","slug":"the-health-of-people-with-intellectual-disabilities-a-challenge-for-us-all","status":"publish","type":"post","link":"https:\/\/idheapp.eu\/hr\/the-health-of-people-with-intellectual-disabilities-a-challenge-for-us-all\/","title":{"rendered":"Zdravlje osoba s intelektualnim te\u0161ko\u0107ama: izazov za sve nas"},"content":{"rendered":"\t\t<div data-elementor-type=\"wp-post\" data-elementor-id=\"2854\" class=\"elementor elementor-2854\" data-elementor-settings=\"{&quot;ha_cmc_init_switcher&quot;:&quot;no&quot;}\">\n\t\t\t\t\t\t<section class=\"elementor-section elementor-top-section elementor-element elementor-element-4e98c73 elementor-section-boxed elementor-section-height-default elementor-section-height-default wpr-sticky-section-no wpr-equal-height-no\" data-id=\"4e98c73\" data-element_type=\"section\" data-e-type=\"section\">\n\t\t\t\t\t\t<div class=\"elementor-container elementor-column-gap-default\">\n\t\t\t\t\t<div class=\"elementor-column elementor-col-100 elementor-top-column elementor-element elementor-element-a64b988\" data-id=\"a64b988\" data-element_type=\"column\" data-e-type=\"column\">\n\t\t\t<div class=\"elementor-widget-wrap\">\n\t\t\t\t\t\t\t<\/div>\n\t\t<\/div>\n\t\t\t\t\t<\/div>\n\t\t<\/section>\n\t\t\t\t<section class=\"elementor-section elementor-top-section elementor-element elementor-element-2cce4105 elementor-section-boxed elementor-section-height-default elementor-section-height-default wpr-sticky-section-no wpr-equal-height-no\" data-id=\"2cce4105\" data-element_type=\"section\" data-e-type=\"section\">\n\t\t\t\t\t\t<div class=\"elementor-container elementor-column-gap-no\">\n\t\t\t\t\t<div class=\"elementor-column elementor-col-100 elementor-top-column elementor-element elementor-element-93a10fc\" data-id=\"93a10fc\" data-element_type=\"column\" data-e-type=\"column\">\n\t\t\t<div class=\"elementor-widget-wrap elementor-element-populated\">\n\t\t\t\t\t\t<div class=\"elementor-element elementor-element-6ac91071 elementor-widget elementor-widget-heading\" data-id=\"6ac91071\" data-element_type=\"widget\" data-e-type=\"widget\" data-widget_type=\"heading.default\">\n\t\t\t\t<div class=\"elementor-widget-container\">\n\t\t\t\t\t<h2 class=\"elementor-heading-title elementor-size-default\">The Health of People with Intellectual Disabilities<\/h2>\t\t\t\t<\/div>\n\t\t\t\t<\/div>\n\t\t\t\t<div class=\"elementor-element elementor-element-73c924ac elementor-widget elementor-widget-text-editor\" data-id=\"73c924ac\" data-element_type=\"widget\" data-e-type=\"widget\" data-widget_type=\"text-editor.default\">\n\t\t\t\t<div class=\"elementor-widget-container\">\n\t\t\t\t\t\t\t\t\t<h3>A Challenge for Us All<\/h3><p><!-- \/wp:paragraph --><\/p>\t\t\t\t\t\t\t\t<\/div>\n\t\t\t\t<\/div>\n\t\t\t\t<section class=\"elementor-section elementor-inner-section elementor-element elementor-element-22fc3b6 elementor-section-boxed elementor-section-height-default elementor-section-height-default wpr-sticky-section-no wpr-equal-height-no\" data-id=\"22fc3b6\" data-element_type=\"section\" data-e-type=\"section\">\n\t\t\t\t\t\t<div class=\"elementor-container elementor-column-gap-default\">\n\t\t\t\t\t<div class=\"elementor-column elementor-col-100 elementor-inner-column elementor-element elementor-element-05abfb3\" data-id=\"05abfb3\" data-element_type=\"column\" data-e-type=\"column\">\n\t\t\t<div class=\"elementor-widget-wrap elementor-element-populated\">\n\t\t\t\t\t\t<div class=\"elementor-element elementor-element-338bfb5 elementor-widget__width-initial elementor-widget elementor-widget-image\" data-id=\"338bfb5\" data-element_type=\"widget\" data-e-type=\"widget\" data-widget_type=\"image.default\">\n\t\t\t\t<div class=\"elementor-widget-container\">\n\t\t\t\t\t\t\t\t\t\t\t\t\t\t\t<img decoding=\"async\" src=\"https:\/\/idheapp.eu\/wp-content\/uploads\/elementor\/thumbs\/Easy_to_read_Logo-qovcdn888o7cghzms50ubsgup2z0n2k11gje57hv1w.jpg\" title=\"Easy_to_read_Logo\" alt=\"Easy_to_read_Logo\" loading=\"lazy\" \/>\t\t\t\t\t\t\t\t\t\t\t\t\t\t\t<\/div>\n\t\t\t\t<\/div>\n\t\t\t\t<div class=\"elementor-element elementor-element-5ee4ef7 elementor-widget elementor-widget-heading\" data-id=\"5ee4ef7\" data-element_type=\"widget\" data-e-type=\"widget\" data-widget_type=\"heading.default\">\n\t\t\t\t<div class=\"elementor-widget-container\">\n\t\t\t\t\t<p class=\"elementor-heading-title elementor-size-default\">EASY TO READ VERSION BELOW<br><br>\u201c\u00a9 European Easyto-Read Logo: Inclusion Europe. More information at https:\/\/www.inclusioneurope.eu\/easy-to-read\/\u201d.<\/p>\t\t\t\t<\/div>\n\t\t\t\t<\/div>\n\t\t\t\t\t<\/div>\n\t\t<\/div>\n\t\t\t\t\t<\/div>\n\t\t<\/section>\n\t\t\t\t<section class=\"elementor-section elementor-inner-section elementor-element elementor-element-463954f9 elementor-section-full_width elementor-section-height-default elementor-section-height-default wpr-sticky-section-no wpr-equal-height-no\" data-id=\"463954f9\" data-element_type=\"section\" data-e-type=\"section\">\n\t\t\t\t\t\t<div class=\"elementor-container elementor-column-gap-default\">\n\t\t\t\t\t<div class=\"elementor-column elementor-col-100 elementor-inner-column elementor-element elementor-element-55c8b4b5\" data-id=\"55c8b4b5\" data-element_type=\"column\" data-e-type=\"column\">\n\t\t\t<div class=\"elementor-widget-wrap elementor-element-populated\">\n\t\t\t\t\t\t<div class=\"elementor-element elementor-element-54ccbc53 elementor-widget__width-initial elementor-widget elementor-widget-text-editor\" data-id=\"54ccbc53\" data-element_type=\"widget\" data-e-type=\"widget\" data-widget_type=\"text-editor.default\">\n\t\t\t\t<div class=\"elementor-widget-container\">\n\t\t\t\t\t\t\t\t\t<div class=\"flex-shrink-0 flex flex-col relative items-end\"><div><div class=\"pt-0\"><div class=\"gizmo-bot-avatar flex h-8 w-8 items-center justify-center overflow-hidden rounded-full\"><span style=\"font-size: 16px;\">People with <\/span><strong style=\"font-size: 16px;\">intellectual disabilities (ID)<\/strong><span style=\"font-size: 16px;\"> often face <\/span><strong style=\"font-size: 16px;\">greater health risks<\/strong><span style=\"font-size: 16px;\"> compared to the general population. These challenges include <\/span><strong style=\"font-size: 16px;\">overweight and obesity<\/strong><span style=\"font-size: 16px;\">, <\/span><strong style=\"font-size: 16px;\">physical inactivity<\/strong><span style=\"font-size: 16px;\">, <\/span><strong style=\"font-size: 16px;\">sedentary behavior<\/strong><span style=\"font-size: 16px;\">, and <\/span><strong style=\"font-size: 16px;\">unhealthy habits<\/strong><span style=\"font-size: 16px;\"> such as <\/span><strong style=\"font-size: 16px;\">smoking and alcohol consumption<\/strong><span style=\"font-size: 16px;\">.<\/span><\/div><\/div><\/div><\/div><div class=\"group\/conversation-turn relative flex w-full min-w-0 flex-col agent-turn\"><div class=\"flex-col gap-1 md:gap-3\"><div class=\"flex max-w-full flex-col flex-grow\"><div class=\"min-h-8 text-message flex w-full flex-col items-end gap-2 whitespace-normal break-words text-start [.text-message+&amp;]:mt-5\" dir=\"auto\" data-message-author-role=\"assistant\" data-message-id=\"083b645e-8ffb-40f6-b342-bfefb1e88c53\" data-message-model-slug=\"gpt-4o\"><div class=\"flex w-full flex-col gap-1 empty:hidden first:pt-[3px]\"><div class=\"markdown prose w-full break-words dark:prose-invert light\"><h3><strong>\u2753 Why is it crucial to talk about this?<\/strong><\/h3><p>An <strong>unhealthy lifestyle<\/strong> can significantly impact <strong>quality of life<\/strong>, <strong>life expectancy<\/strong>, and <strong>independence<\/strong> for people with ID. It is essential that we <strong>take action<\/strong>! \ud83d\ude80<\/p><h3><strong>\ud83d\udca1 What can we do?<\/strong><\/h3><p>\u2705 Promoting <strong>healthy lifestyles<\/strong> \ud83e\udd57\ud83c\udfc3\u200d\u2642\ufe0f among people with ID is crucial to <strong>reducing health inequalities<\/strong> \u2696\ufe0f and improving their <strong>overall well-being<\/strong> \ud83d\ude0a.<br \/><strong>Together, we can make a difference!<\/strong> \ud83e\udd1d<\/p><h3><strong>\ud83d\udd2c Research and Challenges Ahead<\/strong><\/h3><p>Although <strong>lifestyle change interventions<\/strong> have proven effective in the general population, <strong>studies on people with ID<\/strong> still face <strong>major challenges<\/strong> \u26a0\ufe0f.<\/p><p>\ud83d\udccc Issues such as <strong>unclear definitions<\/strong> and <strong>lack of detailed information<\/strong> make it difficult to draw <strong>solid conclusions<\/strong> about what works best.<br \/>\ud83d\udcca Recent studies indicate that <strong>only 9%<\/strong> of adults with ID meet the <strong>recommended levels of physical activity<\/strong> to maintain a <strong>healthy lifestyle<\/strong>\ud83d\udcaa.<br \/>\ud83c\udfe1 Additionally, the <strong>transition from institutional settings to community living<\/strong> has exposed people with ID to <strong>new social and environmental pressures<\/strong>, which can influence the adoption of <strong>risky behaviors<\/strong> \u26a0\ufe0f.<\/p><p>Despite these obstacles, <strong>research is the key to finding solutions and promoting health in people with ID!<\/strong> \ud83d\udcda<\/p><h3><strong>\ud83d\udce2 A Call to Action<\/strong><\/h3><p>It is crucial that <strong>lifestyle modification interventions<\/strong> for people with ID address <strong>a variety of risk behaviors<\/strong>, including <strong>alcohol consumption<\/strong>\u00a0and <strong>smoking<\/strong>, and are based on <strong>solid behavior change theories<\/strong> \ud83e\udde0.<\/p><p>\ud83d\ude4c <strong>Join us in this effort!<\/strong> #IDHEAPP<br \/>\ud83d\udc99 <strong>Together, we can create a more inclusive and healthier world for everyone.<\/strong> \ud83c\udf0e\u2728<\/p><\/div><div data-olk-copy-source=\"MessageBody\">References:<\/div><div>Rana D, Westrop S, Jaiswal N, Germeni E, McGarty A, Ells L, Lally P, McEwan M, Melville C, Harris L, Wu O. Lifestyle modification interventions for adults with intellectual disabilities: systematic review and meta-analysis at intervention and component levels. J Intellect Disabil Res. 2024 May;68(5):387-445. doi: 10.1111\/jir.13098. Epub 2024 Feb 27. PMID: 38414293.<\/div><div>Willems M, Waninge A, Hilgenkamp TIM, van Empelen P, Krijnen WP, van der Schans CP, Melville CA. Effects of lifestyle change interventions for people with intellectual disabilities: Systematic review and meta-analysis of randomized controlled trials. J Appl Res Intellect Disabil. 2018 Nov;31(6):949-961. doi: 10.1111\/jar.12463. Epub 2018 May 8. PMID: 29737607.<\/div><\/div><\/div><\/div><\/div><\/div>\t\t\t\t\t\t\t\t<\/div>\n\t\t\t\t<\/div>\n\t\t\t\t\t<\/div>\n\t\t<\/div>\n\t\t\t\t\t<\/div>\n\t\t<\/section>\n\t\t\t\t<section class=\"elementor-section elementor-inner-section elementor-element elementor-element-149c2e7 elementor-section-boxed elementor-section-height-default elementor-section-height-default wpr-sticky-section-no wpr-equal-height-no\" data-id=\"149c2e7\" data-element_type=\"section\" data-e-type=\"section\">\n\t\t\t\t\t\t<div class=\"elementor-container elementor-column-gap-default\">\n\t\t\t\t\t<div class=\"elementor-column elementor-col-100 elementor-inner-column elementor-element elementor-element-824d2a5\" data-id=\"824d2a5\" data-element_type=\"column\" data-e-type=\"column\">\n\t\t\t<div class=\"elementor-widget-wrap elementor-element-populated\">\n\t\t\t\t\t\t<div class=\"elementor-element elementor-element-1a1ad60 elementor-widget elementor-widget-text-editor\" data-id=\"1a1ad60\" data-element_type=\"widget\" data-e-type=\"widget\" data-widget_type=\"text-editor.default\">\n\t\t\t\t<div class=\"elementor-widget-container\">\n\t\t\t\t\t\t\t\t\t<p><span style=\"background-color: var(--ast-global-color-5); font-size: 19.2px; font-style: inherit; font-weight: inherit;\">EASY-TO-READ VERSION<\/span><\/p><h3><b style=\"font-size: 19.2px; font-style: inherit; background-color: var(--ast-global-color-5); color: #000000;\">The Health of People with Intellectual Disabilities: A challenge for everyone<\/b><\/h3><p>People with intellectual disabilities (ID) often have more health problems than others. They may face challenges like:<\/p><ul><li>Being overweight or obese<\/li><li>Not moving enough<\/li><li>Sitting too much<\/li><li>Smoking or drinking alcohol<\/li><\/ul><p><b>Why is this important?<\/b><\/p><p>An unhealthy lifestyle can make life harder. It can affect:<\/p><ul><li>How long a person lives<\/li><li>How happy and independent they are<\/li><\/ul><p>That\u2019s why we must do something about it.<\/p><p><b>What can we do?<\/b><\/p><ul><li>Encourage healthy habits like eating well and moving more<\/li><li>Support people with ID so they can live healthier lives<\/li><li>Work together to make a difference<\/li><\/ul><p><b>What does research say?<\/b><\/p><p>Scientists study ways to help people with ID be healthier, but there are some problems:<\/p><ul><li>Many studies do not give clear answers<\/li><li>Only 9% of adults with ID do enough exercise to stay healthy<\/li><li>Moving from institutions to the community can bring new challenges and risks<\/li><\/ul><p>Even with these difficulties, research is important. It helps us find solutions.<\/p><p><b>Let&#8217;s Take Action<\/b><\/p><p><span style=\"font-style: inherit; font-weight: inherit; font-size: 19.2px; background-color: var(--ast-global-color-5);\">Healthy lifestyle programs for people with ID <\/span><span style=\"font-style: inherit; font-size: 19.2px; background-color: var(--ast-global-color-5);\">must be better<\/span><span style=\"font-style: inherit; font-size: 19.2px; background-color: var(--ast-global-color-5);\">. They should:<\/span><\/p><ul><li>Help stop risky habits like smoking and drinking<\/li><li>Use strong scientific methods to create real change<\/li><\/ul><p>Join us in making the world healthier for everyone.<\/p><p>Together, we can create a more inclusive and healthy world<b>.<\/b><\/p><p><!-- \/wp:paragraph --><\/p>\t\t\t\t\t\t\t\t<\/div>\n\t\t\t\t<\/div>\n\t\t\t\t\t<\/div>\n\t\t<\/div>\n\t\t\t\t\t<\/div>\n\t\t<\/section>\n\t\t\t\t\t<\/div>\n\t\t<\/div>\n\t\t\t\t\t<\/div>\n\t\t<\/section>\n\t\t\t\t<\/div>\n\t\t","protected":false},"excerpt":{"rendered":"<p>Zdravlje osoba s intelektualnim te\u0161ko\u0107ama Izazov za sve nas VERZIJA ISPOD LAKA ZA \u010cITANJE \u201c\u00a9 European Easy-Read Logo: Inclusion Europe. Vi\u0161e informacija na https:\/\/www.inclusioneurope.eu\/easy-to-read\/\u201d. Osobe s intelektualnim te\u0161ko\u0107ama (ID) \u010desto se suo\u010davaju s ve\u0107im zdravstvenim rizicima u usporedbi s op\u0107om populacijom. Ti izazovi uklju\u010duju prekomjernu tjelesnu te\u017einu i pretilost, tjelesnu neaktivnost, sjedila\u010dki na\u010din \u017eivota i nezdrave navike kao \u0161to su pu\u0161enje i konzumacija alkohola. \u2753 Za\u0161to je klju\u010dno razgovarati o ovome? Nezdrav na\u010din \u017eivota mo\u017ee zna\u010dajno utjecati na kvalitetu \u017eivota, \u017eivotni vijek i neovisnost osoba s ID-om. Bitno je da ne\u0161to poduzmemo! \ud83d\ude80 \ud83d\udca1 \u0160to mo\u017eemo u\u010diniti? \u2705 Promicanje zdravih stilova \u017eivota \ud83e\udd57\ud83c\udfc3\u200d\u2642\ufe0f me\u0111u osobama s ID-om klju\u010dno je za smanjenje nejednakosti u zdravlju \u2696\ufe0f i pobolj\u0161anje njihove op\u0107e dobrobiti \ud83d\ude0a. Zajedno mo\u017eemo napraviti razliku! \ud83e\udd1d \ud83d\udd2c Istra\u017eivanje i predstoje\u0107i izazovi Iako su se intervencije za promjenu na\u010dina \u017eivota pokazale u\u010dinkovitima u op\u0107oj populaciji, studije o osobama s ID-om i dalje se suo\u010davaju s velikim izazovima \u26a0\ufe0f. \ud83d\udccc Problemi kao \u0161to su nejasne definicije i nedostatak detaljnih informacija ote\u017eavaju dono\u0161enje \u010dvrstih zaklju\u010daka o tome \u0161to najbolje funkcionira.\ud83d\udcca Nedavne studije pokazuju da samo 9% odraslih osoba s ID-om zadovoljava preporu\u010dene razine tjelesne aktivnosti za odr\u017eavanje zdravog na\u010dina \u017eivota\ud83d\udcaa.\ud83c\udfe1 Osim toga, prijelaz iz institucionalnih okru\u017eenja u \u017eivot u zajednici izlo\u017eio je osobe s ID-om novim dru\u0161tvenim i okoli\u0161nim pritiscima, \u0161to mo\u017ee utjecati na usvajanje rizi\u010dnog pona\u0161anja. \u26a0\ufe0f. Unato\u010d ovim preprekama, istra\u017eivanje je klju\u010d za pronala\u017eenje rje\u0161enja i promicanje zdravlja kod osoba s ID-om! \ud83d\udcda \ud83d\udce2 Poziv na akciju Od klju\u010dne je va\u017enosti da se intervencije za promjenu \u017eivotnog stila za osobe s ID-om odnose na razli\u010dita rizi\u010dna pona\u0161anja, uklju\u010duju\u0107i konzumaciju alkohola i pu\u0161enje, te da se temelje na \u010dvrstim teorijama promjene pona\u0161anja \ud83e\udde0. \ud83d\ude4c Pridru\u017eite nam se u ovom nastojanju! #IDHEAPP\ud83d\udc99 Zajedno mo\u017eemo stvoriti inkluzivniji i zdraviji svijet za sve. \ud83c\udf0e\u2728 Literatura: Rana D, Westrop S, Jaiswal N, Germeni E, McGarty A, Ells L, Lally P, McEwan M, Melville C, Harris L, Wu O. Intervencije modifikacije na\u010dina \u017eivota za odrasle osobe s intelektualnim te\u0161ko\u0107ama: sustavni pregled i meta-analiza na razini intervencije i komponente. J Intellect Disabil Res. Svibanj 2024.;68(5):387-445. doi: 10.1111\/jir.13098. Epub 2024, 27. velja\u010de. PMID: 38414293. Willems M, Waninge A, Hilgenkamp TIM, van Empelen P, Krijnen WP, van der Schans CP, Melville CA. U\u010dinci intervencija promjene na\u010dina \u017eivota za osobe s intelektualnim te\u0161ko\u0107ama: sustavni pregled i meta-analiza randomiziranih kontroliranih ispitivanja. J Appl Res Intellect Disabil. 2018. studeni;31(6):949-961. doi: 10.1111\/jar.12463. Epub 2018. 8. svibnja. PMID: 29737607. VERZIJA LAKA ZA \u010cITANJE Zdravlje osoba s intelektualnim te\u0161ko\u0107ama: izazov za sve Osobe s intelektualnim te\u0161ko\u0107ama (ID) \u010desto imaju vi\u0161e zdravstvenih problema od drugih. Mogu se suo\u010diti s izazovima kao \u0161to su: Prekomjerna te\u017eina ili pretilo Ne kre\u0107u se dovoljno Previ\u0161e sjede Pu\u0161e ili piju alkohol Za\u0161to je to va\u017eno? Nezdrav na\u010din \u017eivota mo\u017ee ote\u017eati \u017eivot. To mo\u017ee utjecati na: Koliko dugo osoba \u017eivi Koliko je sretna i neovisna. Zato moramo ne\u0161to poduzeti po tom pitanju. \u0160to mo\u017eemo u\u010diniti? Potaknite zdrave navike poput dobre prehrane i vi\u0161e kretanja Podr\u017eite osobe s ID-om kako bi mogli \u017eivjeti zdravije. Radite zajedno kako biste napravili razliku \u0160to ka\u017eu istra\u017eivanja? Znanstvenici prou\u010davaju na\u010dine kako pomo\u0107i osobama s ID-om da budu zdraviji, ali postoje neki problemi: Mnoga istra\u017eivanja ne daju jasne odgovore. Samo 9% odraslih osoba s ID-om dovoljno vje\u017eba kako bi ostali zdravi Prelazak iz institucija u zajednicu mo\u017ee donijeti nove izazove i rizike. \u010cak i uz ove pote\u0161ko\u0107e, istra\u017eivanje je va\u017eno. Poma\u017ee nam prona\u0107i rje\u0161enja. Poduzmimo akciju Programi zdravog na\u010dina \u017eivota za osobe s ID-om moraju biti bolji. Oni bi trebali: pomo\u0107i u prestanku rizi\u010dnih navika poput pu\u0161enja i pijenja. Koristiti sna\u017ene znanstvene metode za stvaranje stvarne promjene. Pridru\u017eite nam se u stvaranju zdravog svijeta za sve. Zajedno mo\u017eemo stvoriti inkluzivniji i zdraviji svijet.<\/p>","protected":false},"author":9,"featured_media":2348,"comment_status":"open","ping_status":"open","sticky":false,"template":"elementor_theme","format":"standard","meta":{"site-sidebar-layout":"default","site-content-layout":"","ast-site-content-layout":"default","site-content-style":"default","site-sidebar-style":"default","ast-global-header-display":"","ast-banner-title-visibility":"","ast-main-header-display":"","ast-hfb-above-header-display":"","ast-hfb-below-header-display":"","ast-hfb-mobile-header-display":"","site-post-title":"","ast-breadcrumbs-content":"","ast-featured-img":"disabled","footer-sml-layout":"","ast-disable-related-posts":"","theme-transparent-header-meta":"","adv-header-id-meta":"","stick-header-meta":"","header-above-stick-meta":"","header-main-stick-meta":"","header-below-stick-meta":"","astra-migrate-meta-layouts":"set","ast-page-background-enabled":"default","ast-page-background-meta":{"desktop":{"background-color":"","background-image":"","background-repeat":"repeat","background-position":"center center","background-size":"auto","background-attachment":"scroll","background-type":"","background-media":"","overlay-type":"","overlay-color":"","overlay-opacity":"","overlay-gradient":""},"tablet":{"background-color":"","background-image":"","background-repeat":"repeat","background-position":"center center","background-size":"auto","background-attachment":"scroll","background-type":"","background-media":"","overlay-type":"","overlay-color":"","overlay-opacity":"","overlay-gradient":""},"mobile":{"background-color":"","background-image":"","background-repeat":"repeat","background-position":"center center","background-size":"auto","background-attachment":"scroll","background-type":"","background-media":"","overlay-type":"","overlay-color":"","overlay-opacity":"","overlay-gradient":""}},"ast-content-background-meta":{"desktop":{"background-color":"var(--ast-global-color-5)","background-image":"","background-repeat":"repeat","background-position":"center center","background-size":"auto","background-attachment":"scroll","background-type":"","background-media":"","overlay-type":"","overlay-color":"","overlay-opacity":"","overlay-gradient":""},"tablet":{"background-color":"var(--ast-global-color-5)","background-image":"","background-repeat":"repeat","background-position":"center center","background-size":"auto","background-attachment":"scroll","background-type":"","background-media":"","overlay-type":"","overlay-color":"","overlay-opacity":"","overlay-gradient":""},"mobile":{"background-color":"var(--ast-global-color-5)","background-image":"","background-repeat":"repeat","background-position":"center center","background-size":"auto","background-attachment":"scroll","background-type":"","background-media":"","overlay-type":"","overlay-color":"","overlay-opacity":"","overlay-gradient":""}},"footnotes":""},"categories":[40],"tags":[],"class_list":["post-2854","post","type-post","status-publish","format-standard","has-post-thumbnail","hentry","category-news"],"yoast_head":"<!-- This site is optimized with the Yoast SEO plugin v27.5 - https:\/\/yoast.com\/product\/yoast-seo-wordpress\/ -->\n<title>The Health of People with Intellectual Disabilities: A Challenge for Us All - IDHEApp<\/title>\n<meta name=\"robots\" content=\"index, follow, max-snippet:-1, max-image-preview:large, max-video-preview:-1\" \/>\n<link rel=\"canonical\" href=\"https:\/\/idheapp.eu\/hr\/the-health-of-people-with-intellectual-disabilities-a-challenge-for-us-all\/\" \/>\n<meta property=\"og:locale\" content=\"hr_HR\" \/>\n<meta property=\"og:type\" content=\"article\" \/>\n<meta property=\"og:title\" content=\"The Health of People with Intellectual Disabilities: A Challenge for Us All - IDHEApp\" \/>\n<meta property=\"og:description\" content=\"The Health of People with Intellectual Disabilities A Challenge for Us All EASY TO READ VERSION BELOW \u201c\u00a9 European Easyto-Read Logo: Inclusion Europe. More information at https:\/\/www.inclusioneurope.eu\/easy-to-read\/\u201d. People with intellectual disabilities (ID) often face greater health risks compared to the general population. These challenges include overweight and obesity, physical inactivity, sedentary behavior, and unhealthy habits such as smoking and alcohol consumption. \u2753 Why is it crucial to talk about this? An unhealthy lifestyle can significantly impact quality of life, life expectancy, and independence for people with ID. It is essential that we take action! \ud83d\ude80 \ud83d\udca1 What can we do? \u2705 Promoting healthy lifestyles \ud83e\udd57\ud83c\udfc3\u200d\u2642\ufe0f among people with ID is crucial to reducing health inequalities \u2696\ufe0f and improving their overall well-being \ud83d\ude0a.Together, we can make a difference! \ud83e\udd1d \ud83d\udd2c Research and Challenges Ahead Although lifestyle change interventions have proven effective in the general population, studies on people with ID still face major challenges \u26a0\ufe0f. \ud83d\udccc Issues such as unclear definitions and lack of detailed information make it difficult to draw solid conclusions about what works best.\ud83d\udcca Recent studies indicate that only 9% of adults with ID meet the recommended levels of physical activity to maintain a healthy lifestyle\ud83d\udcaa.\ud83c\udfe1 Additionally, the transition from institutional settings to community living has exposed people with ID to new social and environmental pressures, which can influence the adoption of risky behaviors \u26a0\ufe0f. Despite these obstacles, research is the key to finding solutions and promoting health in people with ID! \ud83d\udcda \ud83d\udce2 A Call to Action It is crucial that lifestyle modification interventions for people with ID address a variety of risk behaviors, including alcohol consumption\u00a0and smoking, and are based on solid behavior change theories \ud83e\udde0. \ud83d\ude4c Join us in this effort! #IDHEAPP\ud83d\udc99 Together, we can create a more inclusive and healthier world for everyone. \ud83c\udf0e\u2728 References:Rana D, Westrop S, Jaiswal N, Germeni E, McGarty A, Ells L, Lally P, McEwan M, Melville C, Harris L, Wu O. Lifestyle modification interventions for adults with intellectual disabilities: systematic review and meta-analysis at intervention and component levels. J Intellect Disabil Res. 2024 May;68(5):387-445. doi: 10.1111\/jir.13098. Epub 2024 Feb 27. PMID: 38414293.Willems M, Waninge A, Hilgenkamp TIM, van Empelen P, Krijnen WP, van der Schans CP, Melville CA. Effects of lifestyle change interventions for people with intellectual disabilities: Systematic review and meta-analysis of randomized controlled trials. J Appl Res Intellect Disabil. 2018 Nov;31(6):949-961. doi: 10.1111\/jar.12463. Epub 2018 May 8. PMID: 29737607. EASY-TO-READ VERSION The Health of People with Intellectual Disabilities: A challenge for everyone People with intellectual disabilities (ID) often have more health problems than others. They may face challenges like: Being overweight or obese Not moving enough Sitting too much Smoking or drinking alcohol Why is this important? An unhealthy lifestyle can make life harder. It can affect: How long a person lives How happy and independent they are That\u2019s why we must do something about it. What can we do? Encourage healthy habits like eating well and moving more Support people with ID so they can live healthier lives Work together to make a difference What does research say? Scientists study ways to help people with ID be healthier, but there are some problems: Many studies do not give clear answers Only 9% of adults with ID do enough exercise to stay healthy Moving from institutions to the community can bring new challenges and risks Even with these difficulties, research is important. It helps us find solutions. Let&#8217;s Take Action Healthy lifestyle programs for people with ID must be better. They should: Help stop risky habits like smoking and drinking Use strong scientific methods to create real change Join us in making the world healthier for everyone. Together, we can create a more inclusive and healthy world.\" \/>\n<meta property=\"og:url\" content=\"https:\/\/idheapp.eu\/hr\/the-health-of-people-with-intellectual-disabilities-a-challenge-for-us-all\/\" \/>\n<meta property=\"og:site_name\" content=\"IDHEApp\" \/>\n<meta property=\"article:publisher\" content=\"https:\/\/www.facebook.com\/RestARTcreativity\/\" \/>\n<meta property=\"article:published_time\" content=\"2025-02-03T10:45:25+00:00\" \/>\n<meta property=\"article:modified_time\" content=\"2025-02-03T11:42:59+00:00\" \/>\n<meta property=\"og:image\" content=\"https:\/\/idheapp.eu\/wp-content\/uploads\/2024\/04\/cropped-IDHEAPP_light_bulb.png\" \/>\n\t<meta property=\"og:image:width\" content=\"512\" \/>\n\t<meta property=\"og:image:height\" content=\"512\" \/>\n\t<meta property=\"og:image:type\" content=\"image\/png\" \/>\n<meta name=\"author\" content=\"Ellen Ripley\" \/>\n<meta name=\"twitter:card\" content=\"summary_large_image\" \/>\n<meta name=\"twitter:creator\" content=\"@restartproject4\" \/>\n<meta name=\"twitter:site\" content=\"@restartproject4\" \/>\n<meta name=\"twitter:label1\" content=\"Napisao\/la\" \/>\n\t<meta name=\"twitter:data1\" content=\"Ellen Ripley\" \/>\n\t<meta name=\"twitter:label2\" content=\"Procijenjeno vrijeme \u010ditanja\" \/>\n\t<meta name=\"twitter:data2\" content=\"4 minute\" \/>\n<script type=\"application\/ld+json\" class=\"yoast-schema-graph\">{\"@context\":\"https:\\\/\\\/schema.org\",\"@graph\":[{\"@type\":\"Article\",\"@id\":\"https:\\\/\\\/idheapp.eu\\\/the-health-of-people-with-intellectual-disabilities-a-challenge-for-us-all\\\/#article\",\"isPartOf\":{\"@id\":\"https:\\\/\\\/idheapp.eu\\\/the-health-of-people-with-intellectual-disabilities-a-challenge-for-us-all\\\/\"},\"author\":{\"name\":\"Ellen Ripley\",\"@id\":\"https:\\\/\\\/idheapp.eu\\\/#\\\/schema\\\/person\\\/d5f8362067d873966b8e641e4e04643d\"},\"headline\":\"The Health of People with Intellectual Disabilities: A Challenge for Us All\",\"datePublished\":\"2025-02-03T10:45:25+00:00\",\"dateModified\":\"2025-02-03T11:42:59+00:00\",\"mainEntityOfPage\":{\"@id\":\"https:\\\/\\\/idheapp.eu\\\/the-health-of-people-with-intellectual-disabilities-a-challenge-for-us-all\\\/\"},\"wordCount\":616,\"commentCount\":0,\"publisher\":{\"@id\":\"https:\\\/\\\/idheapp.eu\\\/#organization\"},\"image\":{\"@id\":\"https:\\\/\\\/idheapp.eu\\\/the-health-of-people-with-intellectual-disabilities-a-challenge-for-us-all\\\/#primaryimage\"},\"thumbnailUrl\":\"https:\\\/\\\/idheapp.eu\\\/wp-content\\\/uploads\\\/2024\\\/04\\\/cropped-IDHEAPP_light_bulb.png\",\"articleSection\":[\"News\"],\"inLanguage\":\"hr\",\"potentialAction\":[{\"@type\":\"CommentAction\",\"name\":\"Comment\",\"target\":[\"https:\\\/\\\/idheapp.eu\\\/the-health-of-people-with-intellectual-disabilities-a-challenge-for-us-all\\\/#respond\"]}]},{\"@type\":\"WebPage\",\"@id\":\"https:\\\/\\\/idheapp.eu\\\/the-health-of-people-with-intellectual-disabilities-a-challenge-for-us-all\\\/\",\"url\":\"https:\\\/\\\/idheapp.eu\\\/the-health-of-people-with-intellectual-disabilities-a-challenge-for-us-all\\\/\",\"name\":\"The Health of People with Intellectual Disabilities: A Challenge for Us All - IDHEApp\",\"isPartOf\":{\"@id\":\"https:\\\/\\\/idheapp.eu\\\/#website\"},\"primaryImageOfPage\":{\"@id\":\"https:\\\/\\\/idheapp.eu\\\/the-health-of-people-with-intellectual-disabilities-a-challenge-for-us-all\\\/#primaryimage\"},\"image\":{\"@id\":\"https:\\\/\\\/idheapp.eu\\\/the-health-of-people-with-intellectual-disabilities-a-challenge-for-us-all\\\/#primaryimage\"},\"thumbnailUrl\":\"https:\\\/\\\/idheapp.eu\\\/wp-content\\\/uploads\\\/2024\\\/04\\\/cropped-IDHEAPP_light_bulb.png\",\"datePublished\":\"2025-02-03T10:45:25+00:00\",\"dateModified\":\"2025-02-03T11:42:59+00:00\",\"breadcrumb\":{\"@id\":\"https:\\\/\\\/idheapp.eu\\\/the-health-of-people-with-intellectual-disabilities-a-challenge-for-us-all\\\/#breadcrumb\"},\"inLanguage\":\"hr\",\"potentialAction\":[{\"@type\":\"ReadAction\",\"target\":[\"https:\\\/\\\/idheapp.eu\\\/the-health-of-people-with-intellectual-disabilities-a-challenge-for-us-all\\\/\"]}]},{\"@type\":\"ImageObject\",\"inLanguage\":\"hr\",\"@id\":\"https:\\\/\\\/idheapp.eu\\\/the-health-of-people-with-intellectual-disabilities-a-challenge-for-us-all\\\/#primaryimage\",\"url\":\"https:\\\/\\\/idheapp.eu\\\/wp-content\\\/uploads\\\/2024\\\/04\\\/cropped-IDHEAPP_light_bulb.png\",\"contentUrl\":\"https:\\\/\\\/idheapp.eu\\\/wp-content\\\/uploads\\\/2024\\\/04\\\/cropped-IDHEAPP_light_bulb.png\",\"width\":512,\"height\":512,\"caption\":\"IDHEAPP light bulb\"},{\"@type\":\"BreadcrumbList\",\"@id\":\"https:\\\/\\\/idheapp.eu\\\/the-health-of-people-with-intellectual-disabilities-a-challenge-for-us-all\\\/#breadcrumb\",\"itemListElement\":[{\"@type\":\"ListItem\",\"position\":1,\"name\":\"Portada\",\"item\":\"https:\\\/\\\/idheapp.eu\\\/\"},{\"@type\":\"ListItem\",\"position\":2,\"name\":\"The Health of People with Intellectual Disabilities: A Challenge for Us All\"}]},{\"@type\":\"WebSite\",\"@id\":\"https:\\\/\\\/idheapp.eu\\\/#website\",\"url\":\"https:\\\/\\\/idheapp.eu\\\/\",\"name\":\"IDHEApp\",\"description\":\"Technology to promote healthy lifestyles in adolescents with intellectual disabilities\",\"publisher\":{\"@id\":\"https:\\\/\\\/idheapp.eu\\\/#organization\"},\"potentialAction\":[{\"@type\":\"SearchAction\",\"target\":{\"@type\":\"EntryPoint\",\"urlTemplate\":\"https:\\\/\\\/idheapp.eu\\\/?s={search_term_string}\"},\"query-input\":{\"@type\":\"PropertyValueSpecification\",\"valueRequired\":true,\"valueName\":\"search_term_string\"}}],\"inLanguage\":\"hr\"},{\"@type\":\"Organization\",\"@id\":\"https:\\\/\\\/idheapp.eu\\\/#organization\",\"name\":\"IDHEApp\",\"url\":\"https:\\\/\\\/idheapp.eu\\\/\",\"logo\":{\"@type\":\"ImageObject\",\"inLanguage\":\"hr\",\"@id\":\"https:\\\/\\\/idheapp.eu\\\/#\\\/schema\\\/logo\\\/image\\\/\",\"url\":\"https:\\\/\\\/idheapp.eu\\\/wp-content\\\/uploads\\\/2022\\\/05\\\/LogoHomeRestart1920x960.png\",\"contentUrl\":\"https:\\\/\\\/idheapp.eu\\\/wp-content\\\/uploads\\\/2022\\\/05\\\/LogoHomeRestart1920x960.png\",\"width\":1920,\"height\":960,\"caption\":\"IDHEApp\"},\"image\":{\"@id\":\"https:\\\/\\\/idheapp.eu\\\/#\\\/schema\\\/logo\\\/image\\\/\"},\"sameAs\":[\"https:\\\/\\\/www.facebook.com\\\/RestARTcreativity\\\/\",\"https:\\\/\\\/x.com\\\/restartproject4\",\"https:\\\/\\\/www.instagram.com\\\/rest.artproject\\\/\",\"https:\\\/\\\/www.youtube.com\\\/channel\\\/UCn2A6wwqZxKR5Ss_sj4aBrQ\"]},{\"@type\":\"Person\",\"@id\":\"https:\\\/\\\/idheapp.eu\\\/#\\\/schema\\\/person\\\/d5f8362067d873966b8e641e4e04643d\",\"name\":\"Ellen Ripley\",\"image\":{\"@type\":\"ImageObject\",\"inLanguage\":\"hr\",\"@id\":\"https:\\\/\\\/secure.gravatar.com\\\/avatar\\\/b81ee66d331fcad414f051ba9c311457006816aee9db788dbaf0084f0656cb6e?s=96&d=mm&r=g\",\"url\":\"https:\\\/\\\/secure.gravatar.com\\\/avatar\\\/b81ee66d331fcad414f051ba9c311457006816aee9db788dbaf0084f0656cb6e?s=96&d=mm&r=g\",\"contentUrl\":\"https:\\\/\\\/secure.gravatar.com\\\/avatar\\\/b81ee66d331fcad414f051ba9c311457006816aee9db788dbaf0084f0656cb6e?s=96&d=mm&r=g\",\"caption\":\"Ellen Ripley\"},\"url\":\"https:\\\/\\\/idheapp.eu\\\/hr\\\/author\\\/mariana\\\/\"}]}<\/script>\n<!-- \/ Yoast SEO plugin. -->","yoast_head_json":{"title":"Zdravlje osoba s intelektualnim te\u0161ko\u0107ama: Izazov za sve nas - IDHEApp","robots":{"index":"index","follow":"follow","max-snippet":"max-snippet:-1","max-image-preview":"max-image-preview:large","max-video-preview":"max-video-preview:-1"},"canonical":"https:\/\/idheapp.eu\/hr\/the-health-of-people-with-intellectual-disabilities-a-challenge-for-us-all\/","og_locale":"hr_HR","og_type":"article","og_title":"The Health of People with Intellectual Disabilities: A Challenge for Us All - IDHEApp","og_description":"The Health of People with Intellectual Disabilities A Challenge for Us All EASY TO READ VERSION BELOW \u201c\u00a9 European Easyto-Read Logo: Inclusion Europe. More information at https:\/\/www.inclusioneurope.eu\/easy-to-read\/\u201d. People with intellectual disabilities (ID) often face greater health risks compared to the general population. These challenges include overweight and obesity, physical inactivity, sedentary behavior, and unhealthy habits such as smoking and alcohol consumption. \u2753 Why is it crucial to talk about this? An unhealthy lifestyle can significantly impact quality of life, life expectancy, and independence for people with ID. It is essential that we take action! \ud83d\ude80 \ud83d\udca1 What can we do? \u2705 Promoting healthy lifestyles \ud83e\udd57\ud83c\udfc3\u200d\u2642\ufe0f among people with ID is crucial to reducing health inequalities \u2696\ufe0f and improving their overall well-being \ud83d\ude0a.Together, we can make a difference! \ud83e\udd1d \ud83d\udd2c Research and Challenges Ahead Although lifestyle change interventions have proven effective in the general population, studies on people with ID still face major challenges \u26a0\ufe0f. \ud83d\udccc Issues such as unclear definitions and lack of detailed information make it difficult to draw solid conclusions about what works best.\ud83d\udcca Recent studies indicate that only 9% of adults with ID meet the recommended levels of physical activity to maintain a healthy lifestyle\ud83d\udcaa.\ud83c\udfe1 Additionally, the transition from institutional settings to community living has exposed people with ID to new social and environmental pressures, which can influence the adoption of risky behaviors \u26a0\ufe0f. Despite these obstacles, research is the key to finding solutions and promoting health in people with ID! \ud83d\udcda \ud83d\udce2 A Call to Action It is crucial that lifestyle modification interventions for people with ID address a variety of risk behaviors, including alcohol consumption\u00a0and smoking, and are based on solid behavior change theories \ud83e\udde0. \ud83d\ude4c Join us in this effort! #IDHEAPP\ud83d\udc99 Together, we can create a more inclusive and healthier world for everyone. \ud83c\udf0e\u2728 References:Rana D, Westrop S, Jaiswal N, Germeni E, McGarty A, Ells L, Lally P, McEwan M, Melville C, Harris L, Wu O. Lifestyle modification interventions for adults with intellectual disabilities: systematic review and meta-analysis at intervention and component levels. J Intellect Disabil Res. 2024 May;68(5):387-445. doi: 10.1111\/jir.13098. Epub 2024 Feb 27. PMID: 38414293.Willems M, Waninge A, Hilgenkamp TIM, van Empelen P, Krijnen WP, van der Schans CP, Melville CA. Effects of lifestyle change interventions for people with intellectual disabilities: Systematic review and meta-analysis of randomized controlled trials. J Appl Res Intellect Disabil. 2018 Nov;31(6):949-961. doi: 10.1111\/jar.12463. Epub 2018 May 8. PMID: 29737607. EASY-TO-READ VERSION The Health of People with Intellectual Disabilities: A challenge for everyone People with intellectual disabilities (ID) often have more health problems than others. They may face challenges like: Being overweight or obese Not moving enough Sitting too much Smoking or drinking alcohol Why is this important? An unhealthy lifestyle can make life harder. It can affect: How long a person lives How happy and independent they are That\u2019s why we must do something about it. What can we do? Encourage healthy habits like eating well and moving more Support people with ID so they can live healthier lives Work together to make a difference What does research say? Scientists study ways to help people with ID be healthier, but there are some problems: Many studies do not give clear answers Only 9% of adults with ID do enough exercise to stay healthy Moving from institutions to the community can bring new challenges and risks Even with these difficulties, research is important. It helps us find solutions. Let&#8217;s Take Action Healthy lifestyle programs for people with ID must be better. They should: Help stop risky habits like smoking and drinking Use strong scientific methods to create real change Join us in making the world healthier for everyone. Together, we can create a more inclusive and healthy world.","og_url":"https:\/\/idheapp.eu\/hr\/the-health-of-people-with-intellectual-disabilities-a-challenge-for-us-all\/","og_site_name":"IDHEApp","article_publisher":"https:\/\/www.facebook.com\/RestARTcreativity\/","article_published_time":"2025-02-03T10:45:25+00:00","article_modified_time":"2025-02-03T11:42:59+00:00","og_image":[{"width":512,"height":512,"url":"https:\/\/idheapp.eu\/wp-content\/uploads\/2024\/04\/cropped-IDHEAPP_light_bulb.png","type":"image\/png"}],"author":"Ellen Ripley","twitter_card":"summary_large_image","twitter_creator":"@restartproject4","twitter_site":"@restartproject4","twitter_misc":{"Napisao\/la":"Ellen Ripley","Procijenjeno vrijeme \u010ditanja":"4 minute"},"schema":{"@context":"https:\/\/schema.org","@graph":[{"@type":"Article","@id":"https:\/\/idheapp.eu\/the-health-of-people-with-intellectual-disabilities-a-challenge-for-us-all\/#article","isPartOf":{"@id":"https:\/\/idheapp.eu\/the-health-of-people-with-intellectual-disabilities-a-challenge-for-us-all\/"},"author":{"name":"Ellen Ripley","@id":"https:\/\/idheapp.eu\/#\/schema\/person\/d5f8362067d873966b8e641e4e04643d"},"headline":"The Health of People with Intellectual Disabilities: A Challenge for Us All","datePublished":"2025-02-03T10:45:25+00:00","dateModified":"2025-02-03T11:42:59+00:00","mainEntityOfPage":{"@id":"https:\/\/idheapp.eu\/the-health-of-people-with-intellectual-disabilities-a-challenge-for-us-all\/"},"wordCount":616,"commentCount":0,"publisher":{"@id":"https:\/\/idheapp.eu\/#organization"},"image":{"@id":"https:\/\/idheapp.eu\/the-health-of-people-with-intellectual-disabilities-a-challenge-for-us-all\/#primaryimage"},"thumbnailUrl":"https:\/\/idheapp.eu\/wp-content\/uploads\/2024\/04\/cropped-IDHEAPP_light_bulb.png","articleSection":["News"],"inLanguage":"hr","potentialAction":[{"@type":"CommentAction","name":"Comment","target":["https:\/\/idheapp.eu\/the-health-of-people-with-intellectual-disabilities-a-challenge-for-us-all\/#respond"]}]},{"@type":"WebPage","@id":"https:\/\/idheapp.eu\/the-health-of-people-with-intellectual-disabilities-a-challenge-for-us-all\/","url":"https:\/\/idheapp.eu\/the-health-of-people-with-intellectual-disabilities-a-challenge-for-us-all\/","name":"Zdravlje osoba s intelektualnim te\u0161ko\u0107ama: Izazov za sve nas - IDHEApp","isPartOf":{"@id":"https:\/\/idheapp.eu\/#website"},"primaryImageOfPage":{"@id":"https:\/\/idheapp.eu\/the-health-of-people-with-intellectual-disabilities-a-challenge-for-us-all\/#primaryimage"},"image":{"@id":"https:\/\/idheapp.eu\/the-health-of-people-with-intellectual-disabilities-a-challenge-for-us-all\/#primaryimage"},"thumbnailUrl":"https:\/\/idheapp.eu\/wp-content\/uploads\/2024\/04\/cropped-IDHEAPP_light_bulb.png","datePublished":"2025-02-03T10:45:25+00:00","dateModified":"2025-02-03T11:42:59+00:00","breadcrumb":{"@id":"https:\/\/idheapp.eu\/the-health-of-people-with-intellectual-disabilities-a-challenge-for-us-all\/#breadcrumb"},"inLanguage":"hr","potentialAction":[{"@type":"ReadAction","target":["https:\/\/idheapp.eu\/the-health-of-people-with-intellectual-disabilities-a-challenge-for-us-all\/"]}]},{"@type":"ImageObject","inLanguage":"hr","@id":"https:\/\/idheapp.eu\/the-health-of-people-with-intellectual-disabilities-a-challenge-for-us-all\/#primaryimage","url":"https:\/\/idheapp.eu\/wp-content\/uploads\/2024\/04\/cropped-IDHEAPP_light_bulb.png","contentUrl":"https:\/\/idheapp.eu\/wp-content\/uploads\/2024\/04\/cropped-IDHEAPP_light_bulb.png","width":512,"height":512,"caption":"IDHEAPP light bulb"},{"@type":"BreadcrumbList","@id":"https:\/\/idheapp.eu\/the-health-of-people-with-intellectual-disabilities-a-challenge-for-us-all\/#breadcrumb","itemListElement":[{"@type":"ListItem","position":1,"name":"Portada","item":"https:\/\/idheapp.eu\/"},{"@type":"ListItem","position":2,"name":"The Health of People with Intellectual Disabilities: A Challenge for Us All"}]},{"@type":"WebSite","@id":"https:\/\/idheapp.eu\/#website","url":"https:\/\/idheapp.eu\/","name":"IDHEApp","description":"Tehnologija za promicanje zdravih stilova \u017eivota kod adolescenata s intelektualnim te\u0161ko\u0107ama","publisher":{"@id":"https:\/\/idheapp.eu\/#organization"},"potentialAction":[{"@type":"SearchAction","target":{"@type":"EntryPoint","urlTemplate":"https:\/\/idheapp.eu\/?s={search_term_string}"},"query-input":{"@type":"PropertyValueSpecification","valueRequired":true,"valueName":"search_term_string"}}],"inLanguage":"hr"},{"@type":"Organization","@id":"https:\/\/idheapp.eu\/#organization","name":"IDHEApp","url":"https:\/\/idheapp.eu\/","logo":{"@type":"ImageObject","inLanguage":"hr","@id":"https:\/\/idheapp.eu\/#\/schema\/logo\/image\/","url":"https:\/\/idheapp.eu\/wp-content\/uploads\/2022\/05\/LogoHomeRestart1920x960.png","contentUrl":"https:\/\/idheapp.eu\/wp-content\/uploads\/2022\/05\/LogoHomeRestart1920x960.png","width":1920,"height":960,"caption":"IDHEApp"},"image":{"@id":"https:\/\/idheapp.eu\/#\/schema\/logo\/image\/"},"sameAs":["https:\/\/www.facebook.com\/RestARTcreativity\/","https:\/\/x.com\/restartproject4","https:\/\/www.instagram.com\/rest.artproject\/","https:\/\/www.youtube.com\/channel\/UCn2A6wwqZxKR5Ss_sj4aBrQ"]},{"@type":"Person","@id":"https:\/\/idheapp.eu\/#\/schema\/person\/d5f8362067d873966b8e641e4e04643d","name":"Ellen Ripley","image":{"@type":"ImageObject","inLanguage":"hr","@id":"https:\/\/secure.gravatar.com\/avatar\/b81ee66d331fcad414f051ba9c311457006816aee9db788dbaf0084f0656cb6e?s=96&d=mm&r=g","url":"https:\/\/secure.gravatar.com\/avatar\/b81ee66d331fcad414f051ba9c311457006816aee9db788dbaf0084f0656cb6e?s=96&d=mm&r=g","contentUrl":"https:\/\/secure.gravatar.com\/avatar\/b81ee66d331fcad414f051ba9c311457006816aee9db788dbaf0084f0656cb6e?s=96&d=mm&r=g","caption":"Ellen Ripley"},"url":"https:\/\/idheapp.eu\/hr\/author\/mariana\/"}]}},"_links":{"self":[{"href":"https:\/\/idheapp.eu\/hr\/wp-json\/wp\/v2\/posts\/2854","targetHints":{"allow":["GET"]}}],"collection":[{"href":"https:\/\/idheapp.eu\/hr\/wp-json\/wp\/v2\/posts"}],"about":[{"href":"https:\/\/idheapp.eu\/hr\/wp-json\/wp\/v2\/types\/post"}],"author":[{"embeddable":true,"href":"https:\/\/idheapp.eu\/hr\/wp-json\/wp\/v2\/users\/9"}],"replies":[{"embeddable":true,"href":"https:\/\/idheapp.eu\/hr\/wp-json\/wp\/v2\/comments?post=2854"}],"version-history":[{"count":16,"href":"https:\/\/idheapp.eu\/hr\/wp-json\/wp\/v2\/posts\/2854\/revisions"}],"predecessor-version":[{"id":2872,"href":"https:\/\/idheapp.eu\/hr\/wp-json\/wp\/v2\/posts\/2854\/revisions\/2872"}],"wp:featuredmedia":[{"embeddable":true,"href":"https:\/\/idheapp.eu\/hr\/wp-json\/wp\/v2\/media\/2348"}],"wp:attachment":[{"href":"https:\/\/idheapp.eu\/hr\/wp-json\/wp\/v2\/media?parent=2854"}],"wp:term":[{"taxonomy":"category","embeddable":true,"href":"https:\/\/idheapp.eu\/hr\/wp-json\/wp\/v2\/categories?post=2854"},{"taxonomy":"post_tag","embeddable":true,"href":"https:\/\/idheapp.eu\/hr\/wp-json\/wp\/v2\/tags?post=2854"}],"curies":[{"name":"radni list","href":"https:\/\/api.w.org\/{rel}","templated":true}]}}